
{"id":30743,"date":"2026-04-20T20:04:47","date_gmt":"2026-04-20T18:04:47","guid":{"rendered":"https:\/\/przedszkole35.edu.wroclaw.pl\/?p=30743"},"modified":"2026-04-20T20:04:58","modified_gmt":"2026-04-20T18:04:58","slug":"uroczyste-obchody-niebieskich-igrzysk-w-teczowym-domku","status":"publish","type":"post","link":"https:\/\/przedszkole35.edu.wroclaw.pl\/index.php\/2026\/04\/20\/uroczyste-obchody-niebieskich-igrzysk-w-teczowym-domku\/","title":{"rendered":"Uroczyste obchody Niebieskich Igrzysk w T\u0119czowym Domku"},"content":{"rendered":"<div class=\"x14z9mp xat24cr x1lziwak x1vvkbs xtlvy1s x126k92a\">\n<div dir=\"auto\"><span style=\"font-size: 20px\">Trzeci rok z rz\u0119du zorganizowali\u015bmy Niebieskie Igrzyska w T\u0119czowym Domku <span class=\"html-span xexx8yu xyri2b x18d9i69 x1c1uobl x1hl2dhg x16tdsg8 x1vvkbs x3nfvp2 x1j61x8r x1fcty0u xdj266r xat24cr xm2jcoa x1mpyi22 xxymvpz xlup9mm x1kky2od\"><img loading=\"lazy\" decoding=\"async\" class=\"xz74otr x15mokao x1ga7v0g x16uus16 xbiv7yw\" src=\"https:\/\/static.xx.fbcdn.net\/images\/emoji.php\/v9\/t6c\/1\/16\/1f499.png\" alt=\"\ud83d\udc99\" width=\"16\" height=\"16\" \/><\/span><\/span><\/div>\n<div dir=\"auto\"><span style=\"font-size: 20px\"> Czeka\u0142o nas mn\u00f3stwo niebieskich gier i zabaw ruchowych.<\/span><\/div>\n<\/div>\n<div class=\"x14z9mp xat24cr x1lziwak x1vvkbs xtlvy1s x126k92a\">\n<div dir=\"auto\"><span style=\"font-size: 20px\"><span class=\"html-span xexx8yu xyri2b x18d9i69 x1c1uobl x1hl2dhg x16tdsg8 x1vvkbs x3nfvp2 x1j61x8r x1fcty0u xdj266r xat24cr xm2jcoa x1mpyi22 xxymvpz xlup9mm x1kky2od\"><img loading=\"lazy\" decoding=\"async\" class=\"xz74otr x15mokao x1ga7v0g x16uus16 xbiv7yw\" src=\"https:\/\/static.xx.fbcdn.net\/images\/emoji.php\/v9\/t6c\/1\/16\/1f499.png\" alt=\"\ud83d\udc99\" width=\"16\" height=\"16\" \/><\/span> Niebieskie Igrzyska s\u0105 form\u0105 obchod\u00f3w \u015awiatowego Dnia \u015awiadomo\u015bci Autyzmu przypadaj\u0105cego na dzie\u0144 2 kwietnia \u00a0oraz \u015awiatowego Miesi\u0105ca Wiedzy na Temat Autyzmu, jakim jest miesi\u0105c kwiecie\u0144.<\/span><\/div>\n<div dir=\"auto\"><img loading=\"lazy\" decoding=\"async\" class=\"alignnone size-full wp-image-30749\" src=\"https:\/\/przedszkole35.edu.wroclaw.pl\/wp-content\/uploads\/sites\/66\/2026\/04\/672670406_1445625034029989_241734137873759935_n.jpg\" alt=\"\" width=\"600\" height=\"503\" srcset=\"https:\/\/przedszkole35.edu.wroclaw.pl\/wp-content\/uploads\/sites\/66\/2026\/04\/672670406_1445625034029989_241734137873759935_n.jpg 600w, https:\/\/przedszkole35.edu.wroclaw.pl\/wp-content\/uploads\/sites\/66\/2026\/04\/672670406_1445625034029989_241734137873759935_n-300x252.jpg 300w\" sizes=\"auto, (max-width: 600px) 100vw, 600px\" \/><\/div>\n<div dir=\"auto\"><img loading=\"lazy\" decoding=\"async\" class=\"alignnone size-full wp-image-30750\" src=\"https:\/\/przedszkole35.edu.wroclaw.pl\/wp-content\/uploads\/sites\/66\/2026\/04\/672687298_1446591670599992_1395374415232763102_n.jpg\" alt=\"\" width=\"429\" height=\"590\" srcset=\"https:\/\/przedszkole35.edu.wroclaw.pl\/wp-content\/uploads\/sites\/66\/2026\/04\/672687298_1446591670599992_1395374415232763102_n.jpg 429w, https:\/\/przedszkole35.edu.wroclaw.pl\/wp-content\/uploads\/sites\/66\/2026\/04\/672687298_1446591670599992_1395374415232763102_n-218x300.jpg 218w\" sizes=\"auto, (max-width: 429px) 100vw, 429px\" \/> <img loading=\"lazy\" decoding=\"async\" class=\"alignnone size-full wp-image-30748\" src=\"https:\/\/przedszkole35.edu.wroclaw.pl\/wp-content\/uploads\/sites\/66\/2026\/04\/672632565_1446591770599982_8507482981323092038_n.jpg\" alt=\"\" width=\"1514\" height=\"2048\" srcset=\"https:\/\/przedszkole35.edu.wroclaw.pl\/wp-content\/uploads\/sites\/66\/2026\/04\/672632565_1446591770599982_8507482981323092038_n.jpg 1514w, https:\/\/przedszkole35.edu.wroclaw.pl\/wp-content\/uploads\/sites\/66\/2026\/04\/672632565_1446591770599982_8507482981323092038_n-222x300.jpg 222w, https:\/\/przedszkole35.edu.wroclaw.pl\/wp-content\/uploads\/sites\/66\/2026\/04\/672632565_1446591770599982_8507482981323092038_n-757x1024.jpg 757w, https:\/\/przedszkole35.edu.wroclaw.pl\/wp-content\/uploads\/sites\/66\/2026\/04\/672632565_1446591770599982_8507482981323092038_n-768x1039.jpg 768w, https:\/\/przedszkole35.edu.wroclaw.pl\/wp-content\/uploads\/sites\/66\/2026\/04\/672632565_1446591770599982_8507482981323092038_n-1136x1536.jpg 1136w\" sizes=\"auto, (max-width: 1514px) 100vw, 1514px\" \/> <img loading=\"lazy\" decoding=\"async\" class=\"alignnone size-full wp-image-30747\" src=\"https:\/\/przedszkole35.edu.wroclaw.pl\/wp-content\/uploads\/sites\/66\/2026\/04\/671711858_1446591723933320_6145264943027352438_n.jpg\" alt=\"\" width=\"494\" height=\"590\" srcset=\"https:\/\/przedszkole35.edu.wroclaw.pl\/wp-content\/uploads\/sites\/66\/2026\/04\/671711858_1446591723933320_6145264943027352438_n.jpg 494w, https:\/\/przedszkole35.edu.wroclaw.pl\/wp-content\/uploads\/sites\/66\/2026\/04\/671711858_1446591723933320_6145264943027352438_n-251x300.jpg 251w\" sizes=\"auto, (max-width: 494px) 100vw, 494px\" \/> <img loading=\"lazy\" decoding=\"async\" class=\"alignnone size-full wp-image-30746\" src=\"https:\/\/przedszkole35.edu.wroclaw.pl\/wp-content\/uploads\/sites\/66\/2026\/04\/671580980_1446591757266650_8104089552056740660_n.jpg\" alt=\"\" width=\"463\" height=\"590\" srcset=\"https:\/\/przedszkole35.edu.wroclaw.pl\/wp-content\/uploads\/sites\/66\/2026\/04\/671580980_1446591757266650_8104089552056740660_n.jpg 463w, https:\/\/przedszkole35.edu.wroclaw.pl\/wp-content\/uploads\/sites\/66\/2026\/04\/671580980_1446591757266650_8104089552056740660_n-235x300.jpg 235w\" sizes=\"auto, (max-width: 463px) 100vw, 463px\" \/> <img loading=\"lazy\" decoding=\"async\" class=\"alignnone size-full wp-image-30745\" src=\"https:\/\/przedszkole35.edu.wroclaw.pl\/wp-content\/uploads\/sites\/66\/2026\/04\/671338511_1446591667266659_8590631676566952995_n.jpg\" alt=\"\" width=\"432\" height=\"590\" srcset=\"https:\/\/przedszkole35.edu.wroclaw.pl\/wp-content\/uploads\/sites\/66\/2026\/04\/671338511_1446591667266659_8590631676566952995_n.jpg 432w, https:\/\/przedszkole35.edu.wroclaw.pl\/wp-content\/uploads\/sites\/66\/2026\/04\/671338511_1446591667266659_8590631676566952995_n-220x300.jpg 220w\" sizes=\"auto, (max-width: 432px) 100vw, 432px\" \/> <img loading=\"lazy\" decoding=\"async\" class=\"alignnone size-full wp-image-30744\" src=\"https:\/\/przedszkole35.edu.wroclaw.pl\/wp-content\/uploads\/sites\/66\/2026\/04\/671332598_1446591883933304_2347918548369172932_n.jpg\" alt=\"\" width=\"431\" height=\"590\" srcset=\"https:\/\/przedszkole35.edu.wroclaw.pl\/wp-content\/uploads\/sites\/66\/2026\/04\/671332598_1446591883933304_2347918548369172932_n.jpg 431w, https:\/\/przedszkole35.edu.wroclaw.pl\/wp-content\/uploads\/sites\/66\/2026\/04\/671332598_1446591883933304_2347918548369172932_n-219x300.jpg 219w\" sizes=\"auto, (max-width: 431px) 100vw, 431px\" \/><\/div>\n<\/div>\n","protected":false},"excerpt":{"rendered":"<p>Trzeci rok z rz\u0119du zorganizowali\u015bmy Niebieskie Igrzyska w T\u0119czowym Domku Czeka\u0142o nas mn\u00f3stwo niebieskich gier i zabaw ruchowych. Niebieskie Igrzyska s\u0105 form\u0105 obchod\u00f3w \u015awiatowego Dnia \u015awiadomo\u015bci Autyzmu przypadaj\u0105cego na dzie\u0144 [&hellip;]<\/p>\n","protected":false},"author":356,"featured_media":0,"comment_status":"open","ping_status":"open","sticky":false,"template":"","format":"standard","meta":{"footnotes":""},"categories":[1],"tags":[],"class_list":["post-30743","post","type-post","status-publish","format-standard","hentry","category-aktualnosci","clearfix"],"_links":{"self":[{"href":"https:\/\/przedszkole35.edu.wroclaw.pl\/index.php\/wp-json\/wp\/v2\/posts\/30743","targetHints":{"allow":["GET"]}}],"collection":[{"href":"https:\/\/przedszkole35.edu.wroclaw.pl\/index.php\/wp-json\/wp\/v2\/posts"}],"about":[{"href":"https:\/\/przedszkole35.edu.wroclaw.pl\/index.php\/wp-json\/wp\/v2\/types\/post"}],"author":[{"embeddable":true,"href":"https:\/\/przedszkole35.edu.wroclaw.pl\/index.php\/wp-json\/wp\/v2\/users\/356"}],"replies":[{"embeddable":true,"href":"https:\/\/przedszkole35.edu.wroclaw.pl\/index.php\/wp-json\/wp\/v2\/comments?post=30743"}],"version-history":[{"count":1,"href":"https:\/\/przedszkole35.edu.wroclaw.pl\/index.php\/wp-json\/wp\/v2\/posts\/30743\/revisions"}],"predecessor-version":[{"id":30751,"href":"https:\/\/przedszkole35.edu.wroclaw.pl\/index.php\/wp-json\/wp\/v2\/posts\/30743\/revisions\/30751"}],"wp:attachment":[{"href":"https:\/\/przedszkole35.edu.wroclaw.pl\/index.php\/wp-json\/wp\/v2\/media?parent=30743"}],"wp:term":[{"taxonomy":"category","embeddable":true,"href":"https:\/\/przedszkole35.edu.wroclaw.pl\/index.php\/wp-json\/wp\/v2\/categories?post=30743"},{"taxonomy":"post_tag","embeddable":true,"href":"https:\/\/przedszkole35.edu.wroclaw.pl\/index.php\/wp-json\/wp\/v2\/tags?post=30743"}],"curies":[{"name":"wp","href":"https:\/\/api.w.org\/{rel}","templated":true}]}}