
{"id":30752,"date":"2026-04-20T20:07:29","date_gmt":"2026-04-20T18:07:29","guid":{"rendered":"https:\/\/przedszkole35.edu.wroclaw.pl\/?p=30752"},"modified":"2026-04-20T20:07:29","modified_gmt":"2026-04-20T18:07:29","slug":"nasza-kadra-pedagogiczna-sie-szkoli","status":"publish","type":"post","link":"https:\/\/przedszkole35.edu.wroclaw.pl\/index.php\/2026\/04\/20\/nasza-kadra-pedagogiczna-sie-szkoli\/","title":{"rendered":"Nasza kadra pedagogiczna si\u0119 szkoli."},"content":{"rendered":"<div class=\"xdj266r x14z9mp xat24cr x1lziwak x1vvkbs x126k92a\">\n<div dir=\"auto\"><span style=\"font-size: 20px\">W ramach wewn\u0105trzprzedszkolnego doskonalenia nauczycieli odby\u0142a si\u0119 rada szkoleniowa \u201eTechniki relaksacyjne mindfulness&#8221;.<\/span><\/div>\n<\/div>\n<div class=\"x14z9mp xat24cr x1lziwak x1vvkbs xtlvy1s x126k92a\">\n<div dir=\"auto\"><span style=\"font-size: 20px\">By\u0142a to przestrze\u0144 do wsp\u00f3lnej nauki, refleksji i wymiany do\u015bwiadcze\u0144 w zakresie radzenia sobie ze stresem oraz rozwijania uwa\u017cno\u015bci w codziennej prac.<\/span><\/div>\n<\/div>\n<div class=\"x14z9mp xat24cr x1lziwak x1vvkbs xtlvy1s x126k92a\">\n<div dir=\"auto\"><span style=\"font-size: 20px\">Lubimy uczy\u0107 si\u0119 od siebie nawzajem.<\/span><\/div>\n<div dir=\"auto\"><img loading=\"lazy\" decoding=\"async\" class=\"alignnone size-full wp-image-30753\" src=\"https:\/\/przedszkole35.edu.wroclaw.pl\/wp-content\/uploads\/sites\/66\/2026\/04\/674877915_1450301516895674_2708318295812332352_n.jpg\" alt=\"\" width=\"526\" height=\"526\" srcset=\"https:\/\/przedszkole35.edu.wroclaw.pl\/wp-content\/uploads\/sites\/66\/2026\/04\/674877915_1450301516895674_2708318295812332352_n.jpg 526w, https:\/\/przedszkole35.edu.wroclaw.pl\/wp-content\/uploads\/sites\/66\/2026\/04\/674877915_1450301516895674_2708318295812332352_n-300x300.jpg 300w, https:\/\/przedszkole35.edu.wroclaw.pl\/wp-content\/uploads\/sites\/66\/2026\/04\/674877915_1450301516895674_2708318295812332352_n-150x150.jpg 150w\" sizes=\"auto, (max-width: 526px) 100vw, 526px\" \/><\/div>\n<\/div>\n","protected":false},"excerpt":{"rendered":"<p>W ramach wewn\u0105trzprzedszkolnego doskonalenia nauczycieli odby\u0142a si\u0119 rada szkoleniowa \u201eTechniki relaksacyjne mindfulness&#8221;. By\u0142a to przestrze\u0144 do wsp\u00f3lnej nauki, refleksji i wymiany do\u015bwiadcze\u0144 w zakresie radzenia sobie ze stresem oraz rozwijania [&hellip;]<\/p>\n","protected":false},"author":356,"featured_media":0,"comment_status":"open","ping_status":"open","sticky":false,"template":"","format":"standard","meta":{"footnotes":""},"categories":[1],"tags":[],"class_list":["post-30752","post","type-post","status-publish","format-standard","hentry","category-aktualnosci","clearfix"],"_links":{"self":[{"href":"https:\/\/przedszkole35.edu.wroclaw.pl\/index.php\/wp-json\/wp\/v2\/posts\/30752","targetHints":{"allow":["GET"]}}],"collection":[{"href":"https:\/\/przedszkole35.edu.wroclaw.pl\/index.php\/wp-json\/wp\/v2\/posts"}],"about":[{"href":"https:\/\/przedszkole35.edu.wroclaw.pl\/index.php\/wp-json\/wp\/v2\/types\/post"}],"author":[{"embeddable":true,"href":"https:\/\/przedszkole35.edu.wroclaw.pl\/index.php\/wp-json\/wp\/v2\/users\/356"}],"replies":[{"embeddable":true,"href":"https:\/\/przedszkole35.edu.wroclaw.pl\/index.php\/wp-json\/wp\/v2\/comments?post=30752"}],"version-history":[{"count":1,"href":"https:\/\/przedszkole35.edu.wroclaw.pl\/index.php\/wp-json\/wp\/v2\/posts\/30752\/revisions"}],"predecessor-version":[{"id":30754,"href":"https:\/\/przedszkole35.edu.wroclaw.pl\/index.php\/wp-json\/wp\/v2\/posts\/30752\/revisions\/30754"}],"wp:attachment":[{"href":"https:\/\/przedszkole35.edu.wroclaw.pl\/index.php\/wp-json\/wp\/v2\/media?parent=30752"}],"wp:term":[{"taxonomy":"category","embeddable":true,"href":"https:\/\/przedszkole35.edu.wroclaw.pl\/index.php\/wp-json\/wp\/v2\/categories?post=30752"},{"taxonomy":"post_tag","embeddable":true,"href":"https:\/\/przedszkole35.edu.wroclaw.pl\/index.php\/wp-json\/wp\/v2\/tags?post=30752"}],"curies":[{"name":"wp","href":"https:\/\/api.w.org\/{rel}","templated":true}]}}