
{"id":30755,"date":"2026-04-20T20:13:18","date_gmt":"2026-04-20T18:13:18","guid":{"rendered":"https:\/\/przedszkole35.edu.wroclaw.pl\/?p=30755"},"modified":"2026-04-20T20:14:21","modified_gmt":"2026-04-20T18:14:21","slug":"wyniki-ogolnopolskiego-konkursu-plastycznego-moj-ulubiony-zdrowy-posilek","status":"publish","type":"post","link":"https:\/\/przedszkole35.edu.wroclaw.pl\/index.php\/2026\/04\/20\/wyniki-ogolnopolskiego-konkursu-plastycznego-moj-ulubiony-zdrowy-posilek\/","title":{"rendered":"Wyniki og\u00f3lnopolskiego konkursu plastycznego \u2013 &#8222;M\u00f3j ulubiony zdrowy posi\u0142ek&#8221;"},"content":{"rendered":"<p><span style=\"font-size: 20px\">Szanowni Pa\u0144stwo,<\/span><\/p>\n<p><span style=\"font-size: 20px\">Mi\u0142o nam poinformowa\u0107 o wynikach og\u00f3lnopolskiego konkursu plastyczneg0- &#8222;M\u00f3j ulubiony zdrowy posi\u0142ek&#8221;:<\/span><\/p>\n<div class=\"x_elementToProof\" data-olk-copy-source=\"MessageBody\"><span style=\"font-size: 20px\">I miejsce: Hanna Wr\u00f3bel Przedszkole nr.1 w Konstatntynowie \u0141\u00f3dzkim<\/span><\/div>\n<div class=\"x_elementToProof\"><span style=\"font-size: 20px\">II miejsce: Laura Go\u0142owicz Przedszkole nr. 4 w Lubartowie<\/span><\/div>\n<div class=\"x_elementToProof\"><span style=\"font-size: 20px\">III miejsce: Veronika Shumei Przedszkole nr. 13 w Elbl\u0105gu<\/span><\/div>\n<div><\/div>\n<div><span style=\"font-size: 20px\">Serdecznie dzi\u0119kujemy za udzia\u0142 w naszym konkursie. Cieszymy si\u0119, \u017ce byli Pa\u0144stwo z nami.<\/span><\/div>\n<div><img loading=\"lazy\" decoding=\"async\" class=\"alignnone size-full wp-image-30756\" src=\"https:\/\/przedszkole35.edu.wroclaw.pl\/wp-content\/uploads\/sites\/66\/2026\/04\/12.jpg\" alt=\"\" width=\"1414\" height=\"2000\" srcset=\"https:\/\/przedszkole35.edu.wroclaw.pl\/wp-content\/uploads\/sites\/66\/2026\/04\/12.jpg 1414w, https:\/\/przedszkole35.edu.wroclaw.pl\/wp-content\/uploads\/sites\/66\/2026\/04\/12-212x300.jpg 212w, https:\/\/przedszkole35.edu.wroclaw.pl\/wp-content\/uploads\/sites\/66\/2026\/04\/12-724x1024.jpg 724w, https:\/\/przedszkole35.edu.wroclaw.pl\/wp-content\/uploads\/sites\/66\/2026\/04\/12-768x1086.jpg 768w, https:\/\/przedszkole35.edu.wroclaw.pl\/wp-content\/uploads\/sites\/66\/2026\/04\/12-1086x1536.jpg 1086w\" sizes=\"auto, (max-width: 1414px) 100vw, 1414px\" \/> <img loading=\"lazy\" decoding=\"async\" class=\"alignnone size-full wp-image-30757\" src=\"https:\/\/przedszkole35.edu.wroclaw.pl\/wp-content\/uploads\/sites\/66\/2026\/04\/13.jpg\" alt=\"\" width=\"1414\" height=\"2000\" srcset=\"https:\/\/przedszkole35.edu.wroclaw.pl\/wp-content\/uploads\/sites\/66\/2026\/04\/13.jpg 1414w, https:\/\/przedszkole35.edu.wroclaw.pl\/wp-content\/uploads\/sites\/66\/2026\/04\/13-212x300.jpg 212w, https:\/\/przedszkole35.edu.wroclaw.pl\/wp-content\/uploads\/sites\/66\/2026\/04\/13-724x1024.jpg 724w, https:\/\/przedszkole35.edu.wroclaw.pl\/wp-content\/uploads\/sites\/66\/2026\/04\/13-768x1086.jpg 768w, https:\/\/przedszkole35.edu.wroclaw.pl\/wp-content\/uploads\/sites\/66\/2026\/04\/13-1086x1536.jpg 1086w\" sizes=\"auto, (max-width: 1414px) 100vw, 1414px\" \/><\/div>\n","protected":false},"excerpt":{"rendered":"<p>Szanowni Pa\u0144stwo, Mi\u0142o nam poinformowa\u0107 o wynikach og\u00f3lnopolskiego konkursu plastyczneg0- &#8222;M\u00f3j ulubiony zdrowy posi\u0142ek&#8221;: I miejsce: Hanna Wr\u00f3bel Przedszkole nr.1 w Konstatntynowie \u0141\u00f3dzkim II miejsce: Laura Go\u0142owicz Przedszkole nr. 4 [&hellip;]<\/p>\n","protected":false},"author":356,"featured_media":0,"comment_status":"open","ping_status":"open","sticky":false,"template":"","format":"standard","meta":{"footnotes":""},"categories":[1],"tags":[],"class_list":["post-30755","post","type-post","status-publish","format-standard","hentry","category-aktualnosci","clearfix"],"_links":{"self":[{"href":"https:\/\/przedszkole35.edu.wroclaw.pl\/index.php\/wp-json\/wp\/v2\/posts\/30755","targetHints":{"allow":["GET"]}}],"collection":[{"href":"https:\/\/przedszkole35.edu.wroclaw.pl\/index.php\/wp-json\/wp\/v2\/posts"}],"about":[{"href":"https:\/\/przedszkole35.edu.wroclaw.pl\/index.php\/wp-json\/wp\/v2\/types\/post"}],"author":[{"embeddable":true,"href":"https:\/\/przedszkole35.edu.wroclaw.pl\/index.php\/wp-json\/wp\/v2\/users\/356"}],"replies":[{"embeddable":true,"href":"https:\/\/przedszkole35.edu.wroclaw.pl\/index.php\/wp-json\/wp\/v2\/comments?post=30755"}],"version-history":[{"count":3,"href":"https:\/\/przedszkole35.edu.wroclaw.pl\/index.php\/wp-json\/wp\/v2\/posts\/30755\/revisions"}],"predecessor-version":[{"id":30760,"href":"https:\/\/przedszkole35.edu.wroclaw.pl\/index.php\/wp-json\/wp\/v2\/posts\/30755\/revisions\/30760"}],"wp:attachment":[{"href":"https:\/\/przedszkole35.edu.wroclaw.pl\/index.php\/wp-json\/wp\/v2\/media?parent=30755"}],"wp:term":[{"taxonomy":"category","embeddable":true,"href":"https:\/\/przedszkole35.edu.wroclaw.pl\/index.php\/wp-json\/wp\/v2\/categories?post=30755"},{"taxonomy":"post_tag","embeddable":true,"href":"https:\/\/przedszkole35.edu.wroclaw.pl\/index.php\/wp-json\/wp\/v2\/tags?post=30755"}],"curies":[{"name":"wp","href":"https:\/\/api.w.org\/{rel}","templated":true}]}}